{"id":5721,"date":"2020-02-28T17:18:57","date_gmt":"2020-02-28T16:18:57","guid":{"rendered":"http:\/\/www.tcsl.fr\/?p=5721"},"modified":"2020-02-28T17:38:00","modified_gmt":"2020-02-28T16:38:00","slug":"assemblee-generale-tcsl-2020","status":"publish","type":"post","link":"http:\/\/www.tcsl.fr\/index.php\/2020\/02\/28\/assemblee-generale-tcsl-2020\/","title":{"rendered":"Assembl\u00e9e G\u00e9n\u00e9rale TCSL 2020"},"content":{"rendered":"\n<p> Le Comit\u00e9 Directeur compte vivement sur votre pr\u00e9sence lors de l&rsquo;Assembl\u00e9e G\u00e9n\u00e9rale Ordinaire&nbsp; qui se tiendra le&nbsp;:<\/p>\n\n\n\n<h2 class=\"has-text-align-center wp-block-heading\"><strong>Mardi 31 mars 2020<\/strong><\/h2>\n\n\n\n<p><br><strong>A18 H 00<\/strong>, dans la <strong>salle FERRIERE<\/strong> du gymnase municipal situ\u00e9 Esplanade du Levant \u00e0 Saint-Laurent du Var.<br><br>\u008cDe 18h00 \u00e0 19h00&nbsp;: accueil, v\u00e9rification des pouvoirs, signature des feuilles de pr\u00e9sence.<\/p>\n\n\n\n<p>Il\n est tr\u00e8s important de participer \u00e0 l&rsquo;Assembl\u00e9e G\u00e9n\u00e9rale Ordinaire&nbsp; de \nvotre Association. Si vous ne pouvez pas \u00eatre pr\u00e9sent, faites-vous \nrepr\u00e9senter en donnant pouvoir \u00e0 un autre membre du TCSL.<\/p>\n\n\n\n<p>Vous pouvez t\u00e9l\u00e9charger<a href=\"http:\/\/www.tcsl.fr\/wp-content\/uploads\/2020\/02\/2020-AG-TCSL.pdf\" target=\"_blank\" rel=\"noreferrer noopener\" aria-label=\" ICI (s\u2019ouvre dans un nouvel onglet)\"> <strong>ICI<\/strong><\/a> la convocation \u00e0 l&rsquo;Assembl\u00e9e G\u00e9n\u00e9rale Ordinaire et un pouvoir (un membre du TCSL ne peut avoir que 5 pouvoirs au maximum).<\/p>\n\n\n\n<p>Des pouvoirs sont \u00e9galement \u00e0 disposition au Secr\u00e9tariat du TCSL. <\/p>\n\n\n\n<p>\nComptant vivement sur votre pr\u00e9sence,<br><br>Salutations sportives.<br>Le Comit\u00e9 Directeur\n\n<\/p>\n","protected":false},"excerpt":{"rendered":"<p>Le Comit\u00e9 Directeur compte vivement sur votre pr\u00e9sence lors de l&rsquo;Assembl\u00e9e G\u00e9n\u00e9rale Ordinaire&nbsp; qui se tiendra le&nbsp;: Mardi 31 mars 2020 A18 H 00, dans la salle FERRIERE du gymnase municipal situ\u00e9 Esplanade du Levant \u00e0 Saint-Laurent du Var. \u008cDe 18h00 \u00e0 19h00&nbsp;: accueil, v\u00e9rification des pouvoirs, signature des feuilles de pr\u00e9sence. Il est tr\u00e8s [&hellip;]<\/p>\n","protected":false},"author":1,"featured_media":0,"comment_status":"open","ping_status":"open","sticky":false,"template":"","format":"standard","meta":{"footnotes":""},"categories":[1],"tags":[],"class_list":["post-5721","post","type-post","status-publish","format-standard","hentry","category-non-classe"],"yoast_head":"<!-- This site is optimized with the Yoast SEO plugin v27.4 - https:\/\/yoast.com\/product\/yoast-seo-wordpress\/ -->\n<title>Assembl\u00e9e G\u00e9n\u00e9rale TCSL 2020 - TCSL<\/title>\n<meta name=\"robots\" content=\"index, follow, max-snippet:-1, max-image-preview:large, max-video-preview:-1\" \/>\n<link rel=\"canonical\" href=\"http:\/\/www.tcsl.fr\/index.php\/2020\/02\/28\/assemblee-generale-tcsl-2020\/\" \/>\n<meta property=\"og:locale\" content=\"fr_FR\" \/>\n<meta property=\"og:type\" content=\"article\" \/>\n<meta property=\"og:title\" content=\"Assembl\u00e9e G\u00e9n\u00e9rale TCSL 2020 - TCSL\" \/>\n<meta property=\"og:description\" content=\"Le Comit\u00e9 Directeur compte vivement sur votre pr\u00e9sence lors de l&rsquo;Assembl\u00e9e G\u00e9n\u00e9rale Ordinaire&nbsp; qui se tiendra le&nbsp;: Mardi 31 mars 2020 A18 H 00, dans la salle FERRIERE du gymnase municipal situ\u00e9 Esplanade du Levant \u00e0 Saint-Laurent du Var. \u008cDe 18h00 \u00e0 19h00&nbsp;: accueil, v\u00e9rification des pouvoirs, signature des feuilles de pr\u00e9sence. Il est tr\u00e8s [&hellip;]\" \/>\n<meta property=\"og:url\" content=\"http:\/\/www.tcsl.fr\/index.php\/2020\/02\/28\/assemblee-generale-tcsl-2020\/\" \/>\n<meta property=\"og:site_name\" content=\"TCSL\" \/>\n<meta property=\"article:published_time\" content=\"2020-02-28T16:18:57+00:00\" \/>\n<meta property=\"article:modified_time\" content=\"2020-02-28T16:38:00+00:00\" \/>\n<meta name=\"author\" content=\"adminluc\" \/>\n<meta name=\"twitter:card\" content=\"summary_large_image\" \/>\n<meta name=\"twitter:label1\" content=\"\u00c9crit par\" \/>\n\t<meta name=\"twitter:data1\" content=\"adminluc\" \/>\n\t<meta name=\"twitter:label2\" content=\"Dur\u00e9e de lecture estim\u00e9e\" \/>\n\t<meta name=\"twitter:data2\" content=\"1 minute\" \/>\n<script type=\"application\/ld+json\" class=\"yoast-schema-graph\">{\"@context\":\"https:\\\/\\\/schema.org\",\"@graph\":[{\"@type\":\"Article\",\"@id\":\"http:\\\/\\\/www.tcsl.fr\\\/index.php\\\/2020\\\/02\\\/28\\\/assemblee-generale-tcsl-2020\\\/#article\",\"isPartOf\":{\"@id\":\"http:\\\/\\\/www.tcsl.fr\\\/index.php\\\/2020\\\/02\\\/28\\\/assemblee-generale-tcsl-2020\\\/\"},\"author\":{\"name\":\"adminluc\",\"@id\":\"https:\\\/\\\/www.tcsl.fr\\\/#\\\/schema\\\/person\\\/aab49a8b098293eec0e484f47dbbe98d\"},\"headline\":\"Assembl\u00e9e G\u00e9n\u00e9rale TCSL 2020\",\"datePublished\":\"2020-02-28T16:18:57+00:00\",\"dateModified\":\"2020-02-28T16:38:00+00:00\",\"mainEntityOfPage\":{\"@id\":\"http:\\\/\\\/www.tcsl.fr\\\/index.php\\\/2020\\\/02\\\/28\\\/assemblee-generale-tcsl-2020\\\/\"},\"wordCount\":147,\"commentCount\":0,\"publisher\":{\"@id\":\"https:\\\/\\\/www.tcsl.fr\\\/#organization\"},\"inLanguage\":\"fr-FR\",\"potentialAction\":[{\"@type\":\"CommentAction\",\"name\":\"Comment\",\"target\":[\"http:\\\/\\\/www.tcsl.fr\\\/index.php\\\/2020\\\/02\\\/28\\\/assemblee-generale-tcsl-2020\\\/#respond\"]}]},{\"@type\":\"WebPage\",\"@id\":\"http:\\\/\\\/www.tcsl.fr\\\/index.php\\\/2020\\\/02\\\/28\\\/assemblee-generale-tcsl-2020\\\/\",\"url\":\"http:\\\/\\\/www.tcsl.fr\\\/index.php\\\/2020\\\/02\\\/28\\\/assemblee-generale-tcsl-2020\\\/\",\"name\":\"Assembl\u00e9e G\u00e9n\u00e9rale TCSL 2020 - TCSL\",\"isPartOf\":{\"@id\":\"https:\\\/\\\/www.tcsl.fr\\\/#website\"},\"datePublished\":\"2020-02-28T16:18:57+00:00\",\"dateModified\":\"2020-02-28T16:38:00+00:00\",\"breadcrumb\":{\"@id\":\"http:\\\/\\\/www.tcsl.fr\\\/index.php\\\/2020\\\/02\\\/28\\\/assemblee-generale-tcsl-2020\\\/#breadcrumb\"},\"inLanguage\":\"fr-FR\",\"potentialAction\":[{\"@type\":\"ReadAction\",\"target\":[\"http:\\\/\\\/www.tcsl.fr\\\/index.php\\\/2020\\\/02\\\/28\\\/assemblee-generale-tcsl-2020\\\/\"]}]},{\"@type\":\"BreadcrumbList\",\"@id\":\"http:\\\/\\\/www.tcsl.fr\\\/index.php\\\/2020\\\/02\\\/28\\\/assemblee-generale-tcsl-2020\\\/#breadcrumb\",\"itemListElement\":[{\"@type\":\"ListItem\",\"position\":1,\"name\":\"Accueil\",\"item\":\"https:\\\/\\\/www.tcsl.fr\\\/\"},{\"@type\":\"ListItem\",\"position\":2,\"name\":\"Assembl\u00e9e G\u00e9n\u00e9rale TCSL 2020\"}]},{\"@type\":\"WebSite\",\"@id\":\"https:\\\/\\\/www.tcsl.fr\\\/#website\",\"url\":\"https:\\\/\\\/www.tcsl.fr\\\/\",\"name\":\"TCSL\",\"description\":\"Le site du Tir Club Stade Laurentin\",\"publisher\":{\"@id\":\"https:\\\/\\\/www.tcsl.fr\\\/#organization\"},\"potentialAction\":[{\"@type\":\"SearchAction\",\"target\":{\"@type\":\"EntryPoint\",\"urlTemplate\":\"https:\\\/\\\/www.tcsl.fr\\\/?s={search_term_string}\"},\"query-input\":{\"@type\":\"PropertyValueSpecification\",\"valueRequired\":true,\"valueName\":\"search_term_string\"}}],\"inLanguage\":\"fr-FR\"},{\"@type\":\"Organization\",\"@id\":\"https:\\\/\\\/www.tcsl.fr\\\/#organization\",\"name\":\"TCSL\",\"url\":\"https:\\\/\\\/www.tcsl.fr\\\/\",\"logo\":{\"@type\":\"ImageObject\",\"inLanguage\":\"fr-FR\",\"@id\":\"https:\\\/\\\/www.tcsl.fr\\\/#\\\/schema\\\/logo\\\/image\\\/\",\"url\":\"http:\\\/\\\/www.tcsl.fr\\\/wp-content\\\/uploads\\\/2024\\\/10\\\/cropped-cropped-cropped-cropped-cropped-logo-lettrage-degrade-rouge-et-blanc-fond-bleu-300x123-1.jpg\",\"contentUrl\":\"http:\\\/\\\/www.tcsl.fr\\\/wp-content\\\/uploads\\\/2024\\\/10\\\/cropped-cropped-cropped-cropped-cropped-logo-lettrage-degrade-rouge-et-blanc-fond-bleu-300x123-1.jpg\",\"width\":240,\"height\":98,\"caption\":\"TCSL\"},\"image\":{\"@id\":\"https:\\\/\\\/www.tcsl.fr\\\/#\\\/schema\\\/logo\\\/image\\\/\"}},{\"@type\":\"Person\",\"@id\":\"https:\\\/\\\/www.tcsl.fr\\\/#\\\/schema\\\/person\\\/aab49a8b098293eec0e484f47dbbe98d\",\"name\":\"adminluc\",\"image\":{\"@type\":\"ImageObject\",\"inLanguage\":\"fr-FR\",\"@id\":\"https:\\\/\\\/secure.gravatar.com\\\/avatar\\\/07889d795b09f59e3d569a5f7776d8a641a2bb985b8e48cd774dcdb8d6f75c32?s=96&d=mm&r=g\",\"url\":\"https:\\\/\\\/secure.gravatar.com\\\/avatar\\\/07889d795b09f59e3d569a5f7776d8a641a2bb985b8e48cd774dcdb8d6f75c32?s=96&d=mm&r=g\",\"contentUrl\":\"https:\\\/\\\/secure.gravatar.com\\\/avatar\\\/07889d795b09f59e3d569a5f7776d8a641a2bb985b8e48cd774dcdb8d6f75c32?s=96&d=mm&r=g\",\"caption\":\"adminluc\"},\"url\":\"http:\\\/\\\/www.tcsl.fr\\\/index.php\\\/author\\\/adminluc\\\/\"}]}<\/script>\n<!-- \/ Yoast SEO plugin. -->","yoast_head_json":{"title":"Assembl\u00e9e G\u00e9n\u00e9rale TCSL 2020 - TCSL","robots":{"index":"index","follow":"follow","max-snippet":"max-snippet:-1","max-image-preview":"max-image-preview:large","max-video-preview":"max-video-preview:-1"},"canonical":"http:\/\/www.tcsl.fr\/index.php\/2020\/02\/28\/assemblee-generale-tcsl-2020\/","og_locale":"fr_FR","og_type":"article","og_title":"Assembl\u00e9e G\u00e9n\u00e9rale TCSL 2020 - TCSL","og_description":"Le Comit\u00e9 Directeur compte vivement sur votre pr\u00e9sence lors de l&rsquo;Assembl\u00e9e G\u00e9n\u00e9rale Ordinaire&nbsp; qui se tiendra le&nbsp;: Mardi 31 mars 2020 A18 H 00, dans la salle FERRIERE du gymnase municipal situ\u00e9 Esplanade du Levant \u00e0 Saint-Laurent du Var. \u008cDe 18h00 \u00e0 19h00&nbsp;: accueil, v\u00e9rification des pouvoirs, signature des feuilles de pr\u00e9sence. Il est tr\u00e8s [&hellip;]","og_url":"http:\/\/www.tcsl.fr\/index.php\/2020\/02\/28\/assemblee-generale-tcsl-2020\/","og_site_name":"TCSL","article_published_time":"2020-02-28T16:18:57+00:00","article_modified_time":"2020-02-28T16:38:00+00:00","author":"adminluc","twitter_card":"summary_large_image","twitter_misc":{"\u00c9crit par":"adminluc","Dur\u00e9e de lecture estim\u00e9e":"1 minute"},"schema":{"@context":"https:\/\/schema.org","@graph":[{"@type":"Article","@id":"http:\/\/www.tcsl.fr\/index.php\/2020\/02\/28\/assemblee-generale-tcsl-2020\/#article","isPartOf":{"@id":"http:\/\/www.tcsl.fr\/index.php\/2020\/02\/28\/assemblee-generale-tcsl-2020\/"},"author":{"name":"adminluc","@id":"https:\/\/www.tcsl.fr\/#\/schema\/person\/aab49a8b098293eec0e484f47dbbe98d"},"headline":"Assembl\u00e9e G\u00e9n\u00e9rale TCSL 2020","datePublished":"2020-02-28T16:18:57+00:00","dateModified":"2020-02-28T16:38:00+00:00","mainEntityOfPage":{"@id":"http:\/\/www.tcsl.fr\/index.php\/2020\/02\/28\/assemblee-generale-tcsl-2020\/"},"wordCount":147,"commentCount":0,"publisher":{"@id":"https:\/\/www.tcsl.fr\/#organization"},"inLanguage":"fr-FR","potentialAction":[{"@type":"CommentAction","name":"Comment","target":["http:\/\/www.tcsl.fr\/index.php\/2020\/02\/28\/assemblee-generale-tcsl-2020\/#respond"]}]},{"@type":"WebPage","@id":"http:\/\/www.tcsl.fr\/index.php\/2020\/02\/28\/assemblee-generale-tcsl-2020\/","url":"http:\/\/www.tcsl.fr\/index.php\/2020\/02\/28\/assemblee-generale-tcsl-2020\/","name":"Assembl\u00e9e G\u00e9n\u00e9rale TCSL 2020 - TCSL","isPartOf":{"@id":"https:\/\/www.tcsl.fr\/#website"},"datePublished":"2020-02-28T16:18:57+00:00","dateModified":"2020-02-28T16:38:00+00:00","breadcrumb":{"@id":"http:\/\/www.tcsl.fr\/index.php\/2020\/02\/28\/assemblee-generale-tcsl-2020\/#breadcrumb"},"inLanguage":"fr-FR","potentialAction":[{"@type":"ReadAction","target":["http:\/\/www.tcsl.fr\/index.php\/2020\/02\/28\/assemblee-generale-tcsl-2020\/"]}]},{"@type":"BreadcrumbList","@id":"http:\/\/www.tcsl.fr\/index.php\/2020\/02\/28\/assemblee-generale-tcsl-2020\/#breadcrumb","itemListElement":[{"@type":"ListItem","position":1,"name":"Accueil","item":"https:\/\/www.tcsl.fr\/"},{"@type":"ListItem","position":2,"name":"Assembl\u00e9e G\u00e9n\u00e9rale TCSL 2020"}]},{"@type":"WebSite","@id":"https:\/\/www.tcsl.fr\/#website","url":"https:\/\/www.tcsl.fr\/","name":"TCSL","description":"Le site du Tir Club Stade Laurentin","publisher":{"@id":"https:\/\/www.tcsl.fr\/#organization"},"potentialAction":[{"@type":"SearchAction","target":{"@type":"EntryPoint","urlTemplate":"https:\/\/www.tcsl.fr\/?s={search_term_string}"},"query-input":{"@type":"PropertyValueSpecification","valueRequired":true,"valueName":"search_term_string"}}],"inLanguage":"fr-FR"},{"@type":"Organization","@id":"https:\/\/www.tcsl.fr\/#organization","name":"TCSL","url":"https:\/\/www.tcsl.fr\/","logo":{"@type":"ImageObject","inLanguage":"fr-FR","@id":"https:\/\/www.tcsl.fr\/#\/schema\/logo\/image\/","url":"http:\/\/www.tcsl.fr\/wp-content\/uploads\/2024\/10\/cropped-cropped-cropped-cropped-cropped-logo-lettrage-degrade-rouge-et-blanc-fond-bleu-300x123-1.jpg","contentUrl":"http:\/\/www.tcsl.fr\/wp-content\/uploads\/2024\/10\/cropped-cropped-cropped-cropped-cropped-logo-lettrage-degrade-rouge-et-blanc-fond-bleu-300x123-1.jpg","width":240,"height":98,"caption":"TCSL"},"image":{"@id":"https:\/\/www.tcsl.fr\/#\/schema\/logo\/image\/"}},{"@type":"Person","@id":"https:\/\/www.tcsl.fr\/#\/schema\/person\/aab49a8b098293eec0e484f47dbbe98d","name":"adminluc","image":{"@type":"ImageObject","inLanguage":"fr-FR","@id":"https:\/\/secure.gravatar.com\/avatar\/07889d795b09f59e3d569a5f7776d8a641a2bb985b8e48cd774dcdb8d6f75c32?s=96&d=mm&r=g","url":"https:\/\/secure.gravatar.com\/avatar\/07889d795b09f59e3d569a5f7776d8a641a2bb985b8e48cd774dcdb8d6f75c32?s=96&d=mm&r=g","contentUrl":"https:\/\/secure.gravatar.com\/avatar\/07889d795b09f59e3d569a5f7776d8a641a2bb985b8e48cd774dcdb8d6f75c32?s=96&d=mm&r=g","caption":"adminluc"},"url":"http:\/\/www.tcsl.fr\/index.php\/author\/adminluc\/"}]}},"_links":{"self":[{"href":"http:\/\/www.tcsl.fr\/index.php\/wp-json\/wp\/v2\/posts\/5721","targetHints":{"allow":["GET"]}}],"collection":[{"href":"http:\/\/www.tcsl.fr\/index.php\/wp-json\/wp\/v2\/posts"}],"about":[{"href":"http:\/\/www.tcsl.fr\/index.php\/wp-json\/wp\/v2\/types\/post"}],"author":[{"embeddable":true,"href":"http:\/\/www.tcsl.fr\/index.php\/wp-json\/wp\/v2\/users\/1"}],"replies":[{"embeddable":true,"href":"http:\/\/www.tcsl.fr\/index.php\/wp-json\/wp\/v2\/comments?post=5721"}],"version-history":[{"count":6,"href":"http:\/\/www.tcsl.fr\/index.php\/wp-json\/wp\/v2\/posts\/5721\/revisions"}],"predecessor-version":[{"id":5728,"href":"http:\/\/www.tcsl.fr\/index.php\/wp-json\/wp\/v2\/posts\/5721\/revisions\/5728"}],"wp:attachment":[{"href":"http:\/\/www.tcsl.fr\/index.php\/wp-json\/wp\/v2\/media?parent=5721"}],"wp:term":[{"taxonomy":"category","embeddable":true,"href":"http:\/\/www.tcsl.fr\/index.php\/wp-json\/wp\/v2\/categories?post=5721"},{"taxonomy":"post_tag","embeddable":true,"href":"http:\/\/www.tcsl.fr\/index.php\/wp-json\/wp\/v2\/tags?post=5721"}],"curies":[{"name":"wp","href":"https:\/\/api.w.org\/{rel}","templated":true}]}}