{"id":7096,"date":"2023-01-05T18:56:22","date_gmt":"2023-01-05T17:56:22","guid":{"rendered":"https:\/\/www.tcsl.fr\/?p=7096"},"modified":"2023-01-05T18:56:23","modified_gmt":"2023-01-05T17:56:23","slug":"assemblee-generale-2021-2022","status":"publish","type":"post","link":"http:\/\/www.tcsl.fr\/index.php\/2023\/01\/05\/assemblee-generale-2021-2022\/","title":{"rendered":"Assembl\u00e9e G\u00e9n\u00e9rale 2021\/2022"},"content":{"rendered":"\n<figure class=\"wp-block-table\"><table><tbody><tr><td><\/td><td>\u00ad <strong>L\u2019Assembl\u00e9e G\u00e9n\u00e9rale pour cl\u00f4turer la saison 2021\/2022<\/strong> <strong>est organis\u00e9e le mercredi 1er f\u00e9vrier 2023, \u00e0 19h00, Salle Ferri\u00e8re \u00e0 Saint-Laurent du Var<\/strong>.&nbsp;<br><strong>L&rsquo;accueil pour l&rsquo;\u00e9margement commence \u00e0 18h00.<\/strong><br><br>En fonction du nombre de pouvoirs re\u00e7us, il est possible que certains participants re\u00e7oivent des pouvoirs le soir de l\u2019assembl\u00e9e afin que le quorum soit atteint (305 pr\u00e9sents ou repr\u00e9sent\u00e9s). Chaque membre pr\u00e9sent peut recevoir 5 procurations.<br><br>Si l\u2019Assembl\u00e9e G\u00e9n\u00e9rale Ordinaire ne peut \u00eatre tenue, faute de repr\u00e9sentation suffisante des membres, une Assembl\u00e9e G\u00e9n\u00e9rale Extraordinaire sera convoqu\u00e9e 15 jours plus tard et se tiendra sans notion de quorum.<br>&nbsp;<br><strong>Nous vous demandons donc de donner un pouvoir si vous ne pouvez pas \u00eatre pr\u00e9sent<\/strong>, pouvoir \u00e0 d\u00e9poser au secr\u00e9tariat, ou \u00e0 envoyer par la poste ou par mail (<a href=\"mailto:tcsl06700@gmail.com\" target=\"_blank\" rel=\"noreferrer noopener\">tcsl06700@gmail.com<\/a>).<br>&nbsp;<br>Vous pouvez t\u00e9l\u00e9charger <a href=\"https:\/\/29clt.r.bh.d.sendibt3.com\/mk\/cl\/f\/6_BgXPHKM7u4yF7vRp0UYuJ8FG_Plzpgh--iVxsoy6YKOpYXKnOvlW3-fPpBTLMuk_WSs9BwuP1V7t1442EbLzDCwT_6YPopVFUI8dfiaaQsK8ps3U90SbRyJTSlm5pDWQsEDDOdz5xAoj0bfAX_npu2AHtFaDXyhhuB91dPK4rpaF3SGKUrL4EwOdcm4Uh7kBdHgdQaFmcDYKdeohWrt3q1_p_SuGhHn1Wln-TGPEUTbo5_d6hKPMxrrRNxSmNPVIkAY-xL9AUQvg\" target=\"_blank\" rel=\"noreferrer noopener\">ICI<\/a> la convocation \u00e0 l&rsquo;Assembl\u00e9e G\u00e9n\u00e9rale Ordinaire et un pouvoir.<br>&nbsp;<br>Merci \u00e0 tous de votre compr\u00e9hension et r\u00e9pondez nombreux \u00e0 cette demande afin de permettre la bonne marche de notre Association.<br><br>Comptant vivement sur votre pr\u00e9sence ou votre procuration.<br>&nbsp;<br>Salutations sportives.<br>Le Comit\u00e9 Directeur<\/td><\/tr><\/tbody><\/table><\/figure>\n","protected":false},"excerpt":{"rendered":"<p>\u00ad L\u2019Assembl\u00e9e G\u00e9n\u00e9rale pour cl\u00f4turer la saison 2021\/2022 est organis\u00e9e le mercredi 1er f\u00e9vrier 2023, \u00e0 19h00, Salle Ferri\u00e8re \u00e0 Saint-Laurent du Var.&nbsp;L&rsquo;accueil pour l&rsquo;\u00e9margement commence \u00e0 18h00. En fonction du nombre de pouvoirs re\u00e7us, il est possible que certains participants re\u00e7oivent des pouvoirs le soir de l\u2019assembl\u00e9e afin que le quorum soit atteint (305 [&hellip;]<\/p>\n","protected":false},"author":1,"featured_media":0,"comment_status":"open","ping_status":"open","sticky":false,"template":"","format":"standard","meta":{"footnotes":""},"categories":[1],"tags":[],"class_list":["post-7096","post","type-post","status-publish","format-standard","hentry","category-non-classe"],"yoast_head":"<!-- This site is optimized with the Yoast SEO plugin v27.4 - https:\/\/yoast.com\/product\/yoast-seo-wordpress\/ -->\n<title>Assembl\u00e9e G\u00e9n\u00e9rale 2021\/2022 - TCSL<\/title>\n<meta name=\"robots\" content=\"index, follow, max-snippet:-1, max-image-preview:large, max-video-preview:-1\" \/>\n<link rel=\"canonical\" href=\"http:\/\/www.tcsl.fr\/index.php\/2023\/01\/05\/assemblee-generale-2021-2022\/\" \/>\n<meta property=\"og:locale\" content=\"fr_FR\" \/>\n<meta property=\"og:type\" content=\"article\" \/>\n<meta property=\"og:title\" content=\"Assembl\u00e9e G\u00e9n\u00e9rale 2021\/2022 - TCSL\" \/>\n<meta property=\"og:description\" content=\"\u00ad L\u2019Assembl\u00e9e G\u00e9n\u00e9rale pour cl\u00f4turer la saison 2021\/2022 est organis\u00e9e le mercredi 1er f\u00e9vrier 2023, \u00e0 19h00, Salle Ferri\u00e8re \u00e0 Saint-Laurent du Var.&nbsp;L&rsquo;accueil pour l&rsquo;\u00e9margement commence \u00e0 18h00. En fonction du nombre de pouvoirs re\u00e7us, il est possible que certains participants re\u00e7oivent des pouvoirs le soir de l\u2019assembl\u00e9e afin que le quorum soit atteint (305 [&hellip;]\" \/>\n<meta property=\"og:url\" content=\"http:\/\/www.tcsl.fr\/index.php\/2023\/01\/05\/assemblee-generale-2021-2022\/\" \/>\n<meta property=\"og:site_name\" content=\"TCSL\" \/>\n<meta property=\"article:published_time\" content=\"2023-01-05T17:56:22+00:00\" \/>\n<meta property=\"article:modified_time\" content=\"2023-01-05T17:56:23+00:00\" \/>\n<meta name=\"author\" content=\"adminluc\" \/>\n<meta name=\"twitter:card\" content=\"summary_large_image\" \/>\n<meta name=\"twitter:label1\" content=\"\u00c9crit par\" \/>\n\t<meta name=\"twitter:data1\" content=\"adminluc\" \/>\n\t<meta name=\"twitter:label2\" content=\"Dur\u00e9e de lecture estim\u00e9e\" \/>\n\t<meta name=\"twitter:data2\" content=\"1 minute\" \/>\n<script type=\"application\/ld+json\" class=\"yoast-schema-graph\">{\"@context\":\"https:\\\/\\\/schema.org\",\"@graph\":[{\"@type\":\"Article\",\"@id\":\"http:\\\/\\\/www.tcsl.fr\\\/index.php\\\/2023\\\/01\\\/05\\\/assemblee-generale-2021-2022\\\/#article\",\"isPartOf\":{\"@id\":\"http:\\\/\\\/www.tcsl.fr\\\/index.php\\\/2023\\\/01\\\/05\\\/assemblee-generale-2021-2022\\\/\"},\"author\":{\"name\":\"adminluc\",\"@id\":\"https:\\\/\\\/www.tcsl.fr\\\/#\\\/schema\\\/person\\\/aab49a8b098293eec0e484f47dbbe98d\"},\"headline\":\"Assembl\u00e9e G\u00e9n\u00e9rale 2021\\\/2022\",\"datePublished\":\"2023-01-05T17:56:22+00:00\",\"dateModified\":\"2023-01-05T17:56:23+00:00\",\"mainEntityOfPage\":{\"@id\":\"http:\\\/\\\/www.tcsl.fr\\\/index.php\\\/2023\\\/01\\\/05\\\/assemblee-generale-2021-2022\\\/\"},\"wordCount\":209,\"commentCount\":0,\"publisher\":{\"@id\":\"https:\\\/\\\/www.tcsl.fr\\\/#organization\"},\"inLanguage\":\"fr-FR\",\"potentialAction\":[{\"@type\":\"CommentAction\",\"name\":\"Comment\",\"target\":[\"http:\\\/\\\/www.tcsl.fr\\\/index.php\\\/2023\\\/01\\\/05\\\/assemblee-generale-2021-2022\\\/#respond\"]}]},{\"@type\":\"WebPage\",\"@id\":\"http:\\\/\\\/www.tcsl.fr\\\/index.php\\\/2023\\\/01\\\/05\\\/assemblee-generale-2021-2022\\\/\",\"url\":\"http:\\\/\\\/www.tcsl.fr\\\/index.php\\\/2023\\\/01\\\/05\\\/assemblee-generale-2021-2022\\\/\",\"name\":\"Assembl\u00e9e G\u00e9n\u00e9rale 2021\\\/2022 - TCSL\",\"isPartOf\":{\"@id\":\"https:\\\/\\\/www.tcsl.fr\\\/#website\"},\"datePublished\":\"2023-01-05T17:56:22+00:00\",\"dateModified\":\"2023-01-05T17:56:23+00:00\",\"breadcrumb\":{\"@id\":\"http:\\\/\\\/www.tcsl.fr\\\/index.php\\\/2023\\\/01\\\/05\\\/assemblee-generale-2021-2022\\\/#breadcrumb\"},\"inLanguage\":\"fr-FR\",\"potentialAction\":[{\"@type\":\"ReadAction\",\"target\":[\"http:\\\/\\\/www.tcsl.fr\\\/index.php\\\/2023\\\/01\\\/05\\\/assemblee-generale-2021-2022\\\/\"]}]},{\"@type\":\"BreadcrumbList\",\"@id\":\"http:\\\/\\\/www.tcsl.fr\\\/index.php\\\/2023\\\/01\\\/05\\\/assemblee-generale-2021-2022\\\/#breadcrumb\",\"itemListElement\":[{\"@type\":\"ListItem\",\"position\":1,\"name\":\"Accueil\",\"item\":\"https:\\\/\\\/www.tcsl.fr\\\/\"},{\"@type\":\"ListItem\",\"position\":2,\"name\":\"Assembl\u00e9e G\u00e9n\u00e9rale 2021\\\/2022\"}]},{\"@type\":\"WebSite\",\"@id\":\"https:\\\/\\\/www.tcsl.fr\\\/#website\",\"url\":\"https:\\\/\\\/www.tcsl.fr\\\/\",\"name\":\"TCSL\",\"description\":\"Le site du Tir Club Stade Laurentin\",\"publisher\":{\"@id\":\"https:\\\/\\\/www.tcsl.fr\\\/#organization\"},\"potentialAction\":[{\"@type\":\"SearchAction\",\"target\":{\"@type\":\"EntryPoint\",\"urlTemplate\":\"https:\\\/\\\/www.tcsl.fr\\\/?s={search_term_string}\"},\"query-input\":{\"@type\":\"PropertyValueSpecification\",\"valueRequired\":true,\"valueName\":\"search_term_string\"}}],\"inLanguage\":\"fr-FR\"},{\"@type\":\"Organization\",\"@id\":\"https:\\\/\\\/www.tcsl.fr\\\/#organization\",\"name\":\"TCSL\",\"url\":\"https:\\\/\\\/www.tcsl.fr\\\/\",\"logo\":{\"@type\":\"ImageObject\",\"inLanguage\":\"fr-FR\",\"@id\":\"https:\\\/\\\/www.tcsl.fr\\\/#\\\/schema\\\/logo\\\/image\\\/\",\"url\":\"http:\\\/\\\/www.tcsl.fr\\\/wp-content\\\/uploads\\\/2024\\\/10\\\/cropped-cropped-cropped-cropped-cropped-logo-lettrage-degrade-rouge-et-blanc-fond-bleu-300x123-1.jpg\",\"contentUrl\":\"http:\\\/\\\/www.tcsl.fr\\\/wp-content\\\/uploads\\\/2024\\\/10\\\/cropped-cropped-cropped-cropped-cropped-logo-lettrage-degrade-rouge-et-blanc-fond-bleu-300x123-1.jpg\",\"width\":240,\"height\":98,\"caption\":\"TCSL\"},\"image\":{\"@id\":\"https:\\\/\\\/www.tcsl.fr\\\/#\\\/schema\\\/logo\\\/image\\\/\"}},{\"@type\":\"Person\",\"@id\":\"https:\\\/\\\/www.tcsl.fr\\\/#\\\/schema\\\/person\\\/aab49a8b098293eec0e484f47dbbe98d\",\"name\":\"adminluc\",\"image\":{\"@type\":\"ImageObject\",\"inLanguage\":\"fr-FR\",\"@id\":\"https:\\\/\\\/secure.gravatar.com\\\/avatar\\\/07889d795b09f59e3d569a5f7776d8a641a2bb985b8e48cd774dcdb8d6f75c32?s=96&d=mm&r=g\",\"url\":\"https:\\\/\\\/secure.gravatar.com\\\/avatar\\\/07889d795b09f59e3d569a5f7776d8a641a2bb985b8e48cd774dcdb8d6f75c32?s=96&d=mm&r=g\",\"contentUrl\":\"https:\\\/\\\/secure.gravatar.com\\\/avatar\\\/07889d795b09f59e3d569a5f7776d8a641a2bb985b8e48cd774dcdb8d6f75c32?s=96&d=mm&r=g\",\"caption\":\"adminluc\"},\"url\":\"http:\\\/\\\/www.tcsl.fr\\\/index.php\\\/author\\\/adminluc\\\/\"}]}<\/script>\n<!-- \/ Yoast SEO plugin. -->","yoast_head_json":{"title":"Assembl\u00e9e G\u00e9n\u00e9rale 2021\/2022 - TCSL","robots":{"index":"index","follow":"follow","max-snippet":"max-snippet:-1","max-image-preview":"max-image-preview:large","max-video-preview":"max-video-preview:-1"},"canonical":"http:\/\/www.tcsl.fr\/index.php\/2023\/01\/05\/assemblee-generale-2021-2022\/","og_locale":"fr_FR","og_type":"article","og_title":"Assembl\u00e9e G\u00e9n\u00e9rale 2021\/2022 - TCSL","og_description":"\u00ad L\u2019Assembl\u00e9e G\u00e9n\u00e9rale pour cl\u00f4turer la saison 2021\/2022 est organis\u00e9e le mercredi 1er f\u00e9vrier 2023, \u00e0 19h00, Salle Ferri\u00e8re \u00e0 Saint-Laurent du Var.&nbsp;L&rsquo;accueil pour l&rsquo;\u00e9margement commence \u00e0 18h00. En fonction du nombre de pouvoirs re\u00e7us, il est possible que certains participants re\u00e7oivent des pouvoirs le soir de l\u2019assembl\u00e9e afin que le quorum soit atteint (305 [&hellip;]","og_url":"http:\/\/www.tcsl.fr\/index.php\/2023\/01\/05\/assemblee-generale-2021-2022\/","og_site_name":"TCSL","article_published_time":"2023-01-05T17:56:22+00:00","article_modified_time":"2023-01-05T17:56:23+00:00","author":"adminluc","twitter_card":"summary_large_image","twitter_misc":{"\u00c9crit par":"adminluc","Dur\u00e9e de lecture estim\u00e9e":"1 minute"},"schema":{"@context":"https:\/\/schema.org","@graph":[{"@type":"Article","@id":"http:\/\/www.tcsl.fr\/index.php\/2023\/01\/05\/assemblee-generale-2021-2022\/#article","isPartOf":{"@id":"http:\/\/www.tcsl.fr\/index.php\/2023\/01\/05\/assemblee-generale-2021-2022\/"},"author":{"name":"adminluc","@id":"https:\/\/www.tcsl.fr\/#\/schema\/person\/aab49a8b098293eec0e484f47dbbe98d"},"headline":"Assembl\u00e9e G\u00e9n\u00e9rale 2021\/2022","datePublished":"2023-01-05T17:56:22+00:00","dateModified":"2023-01-05T17:56:23+00:00","mainEntityOfPage":{"@id":"http:\/\/www.tcsl.fr\/index.php\/2023\/01\/05\/assemblee-generale-2021-2022\/"},"wordCount":209,"commentCount":0,"publisher":{"@id":"https:\/\/www.tcsl.fr\/#organization"},"inLanguage":"fr-FR","potentialAction":[{"@type":"CommentAction","name":"Comment","target":["http:\/\/www.tcsl.fr\/index.php\/2023\/01\/05\/assemblee-generale-2021-2022\/#respond"]}]},{"@type":"WebPage","@id":"http:\/\/www.tcsl.fr\/index.php\/2023\/01\/05\/assemblee-generale-2021-2022\/","url":"http:\/\/www.tcsl.fr\/index.php\/2023\/01\/05\/assemblee-generale-2021-2022\/","name":"Assembl\u00e9e G\u00e9n\u00e9rale 2021\/2022 - TCSL","isPartOf":{"@id":"https:\/\/www.tcsl.fr\/#website"},"datePublished":"2023-01-05T17:56:22+00:00","dateModified":"2023-01-05T17:56:23+00:00","breadcrumb":{"@id":"http:\/\/www.tcsl.fr\/index.php\/2023\/01\/05\/assemblee-generale-2021-2022\/#breadcrumb"},"inLanguage":"fr-FR","potentialAction":[{"@type":"ReadAction","target":["http:\/\/www.tcsl.fr\/index.php\/2023\/01\/05\/assemblee-generale-2021-2022\/"]}]},{"@type":"BreadcrumbList","@id":"http:\/\/www.tcsl.fr\/index.php\/2023\/01\/05\/assemblee-generale-2021-2022\/#breadcrumb","itemListElement":[{"@type":"ListItem","position":1,"name":"Accueil","item":"https:\/\/www.tcsl.fr\/"},{"@type":"ListItem","position":2,"name":"Assembl\u00e9e G\u00e9n\u00e9rale 2021\/2022"}]},{"@type":"WebSite","@id":"https:\/\/www.tcsl.fr\/#website","url":"https:\/\/www.tcsl.fr\/","name":"TCSL","description":"Le site du Tir Club Stade Laurentin","publisher":{"@id":"https:\/\/www.tcsl.fr\/#organization"},"potentialAction":[{"@type":"SearchAction","target":{"@type":"EntryPoint","urlTemplate":"https:\/\/www.tcsl.fr\/?s={search_term_string}"},"query-input":{"@type":"PropertyValueSpecification","valueRequired":true,"valueName":"search_term_string"}}],"inLanguage":"fr-FR"},{"@type":"Organization","@id":"https:\/\/www.tcsl.fr\/#organization","name":"TCSL","url":"https:\/\/www.tcsl.fr\/","logo":{"@type":"ImageObject","inLanguage":"fr-FR","@id":"https:\/\/www.tcsl.fr\/#\/schema\/logo\/image\/","url":"http:\/\/www.tcsl.fr\/wp-content\/uploads\/2024\/10\/cropped-cropped-cropped-cropped-cropped-logo-lettrage-degrade-rouge-et-blanc-fond-bleu-300x123-1.jpg","contentUrl":"http:\/\/www.tcsl.fr\/wp-content\/uploads\/2024\/10\/cropped-cropped-cropped-cropped-cropped-logo-lettrage-degrade-rouge-et-blanc-fond-bleu-300x123-1.jpg","width":240,"height":98,"caption":"TCSL"},"image":{"@id":"https:\/\/www.tcsl.fr\/#\/schema\/logo\/image\/"}},{"@type":"Person","@id":"https:\/\/www.tcsl.fr\/#\/schema\/person\/aab49a8b098293eec0e484f47dbbe98d","name":"adminluc","image":{"@type":"ImageObject","inLanguage":"fr-FR","@id":"https:\/\/secure.gravatar.com\/avatar\/07889d795b09f59e3d569a5f7776d8a641a2bb985b8e48cd774dcdb8d6f75c32?s=96&d=mm&r=g","url":"https:\/\/secure.gravatar.com\/avatar\/07889d795b09f59e3d569a5f7776d8a641a2bb985b8e48cd774dcdb8d6f75c32?s=96&d=mm&r=g","contentUrl":"https:\/\/secure.gravatar.com\/avatar\/07889d795b09f59e3d569a5f7776d8a641a2bb985b8e48cd774dcdb8d6f75c32?s=96&d=mm&r=g","caption":"adminluc"},"url":"http:\/\/www.tcsl.fr\/index.php\/author\/adminluc\/"}]}},"_links":{"self":[{"href":"http:\/\/www.tcsl.fr\/index.php\/wp-json\/wp\/v2\/posts\/7096","targetHints":{"allow":["GET"]}}],"collection":[{"href":"http:\/\/www.tcsl.fr\/index.php\/wp-json\/wp\/v2\/posts"}],"about":[{"href":"http:\/\/www.tcsl.fr\/index.php\/wp-json\/wp\/v2\/types\/post"}],"author":[{"embeddable":true,"href":"http:\/\/www.tcsl.fr\/index.php\/wp-json\/wp\/v2\/users\/1"}],"replies":[{"embeddable":true,"href":"http:\/\/www.tcsl.fr\/index.php\/wp-json\/wp\/v2\/comments?post=7096"}],"version-history":[{"count":1,"href":"http:\/\/www.tcsl.fr\/index.php\/wp-json\/wp\/v2\/posts\/7096\/revisions"}],"predecessor-version":[{"id":7097,"href":"http:\/\/www.tcsl.fr\/index.php\/wp-json\/wp\/v2\/posts\/7096\/revisions\/7097"}],"wp:attachment":[{"href":"http:\/\/www.tcsl.fr\/index.php\/wp-json\/wp\/v2\/media?parent=7096"}],"wp:term":[{"taxonomy":"category","embeddable":true,"href":"http:\/\/www.tcsl.fr\/index.php\/wp-json\/wp\/v2\/categories?post=7096"},{"taxonomy":"post_tag","embeddable":true,"href":"http:\/\/www.tcsl.fr\/index.php\/wp-json\/wp\/v2\/tags?post=7096"}],"curies":[{"name":"wp","href":"https:\/\/api.w.org\/{rel}","templated":true}]}}