{"id":3333,"date":"2017-11-14T11:06:52","date_gmt":"2017-11-14T10:06:52","guid":{"rendered":"http:\/\/www.tcsl.fr\/?p=3333"},"modified":"2017-11-15T17:25:05","modified_gmt":"2017-11-15T16:25:05","slug":"departementaux-10-m-antibes-11-et-12-novembre-2017","status":"publish","type":"post","link":"https:\/\/www.tcsl.fr\/index.php\/2017\/11\/14\/departementaux-10-m-antibes-11-et-12-novembre-2017\/","title":{"rendered":"D\u00e9partementaux  10 m  ANTIBES 11 et 12 novembre  2017."},"content":{"rendered":"<p><strong>\u00a0Le TCSL continue sa progression.<\/strong><\/p>\n<p><a href=\"http:\/\/www.tcsl.fr\/wp-content\/uploads\/2017\/11\/2017-11-12-16-38-02-2017-D\u00e9partementaux-10m-Antibes-.jpg\" target=\"_blank\" rel=\"noopener\"><img loading=\"lazy\" decoding=\"async\" class=\"alignnone wp-image-3382 size-medium\" src=\"http:\/\/www.tcsl.fr\/wp-content\/uploads\/2017\/11\/2017-11-12-16-38-02-2017-D\u00e9partementaux-10m-Antibes--300x200.jpg\" alt=\"\" width=\"300\" height=\"200\" srcset=\"https:\/\/www.tcsl.fr\/wp-content\/uploads\/2017\/11\/2017-11-12-16-38-02-2017-D\u00e9partementaux-10m-Antibes--300x200.jpg 300w, https:\/\/www.tcsl.fr\/wp-content\/uploads\/2017\/11\/2017-11-12-16-38-02-2017-D\u00e9partementaux-10m-Antibes--768x512.jpg 768w, https:\/\/www.tcsl.fr\/wp-content\/uploads\/2017\/11\/2017-11-12-16-38-02-2017-D\u00e9partementaux-10m-Antibes--1024x683.jpg 1024w, https:\/\/www.tcsl.fr\/wp-content\/uploads\/2017\/11\/2017-11-12-16-38-02-2017-D\u00e9partementaux-10m-Antibes-.jpg 1620w\" sizes=\"auto, (max-width: 300px) 100vw, 300px\" \/><\/a><a href=\"http:\/\/www.tcsl.fr\/wp-content\/uploads\/2017\/11\/2017-11-11-18-19-18-2017-D\u00e9partementaux-10m-Antibes-.jpg\" target=\"_blank\" rel=\"noopener\"><img loading=\"lazy\" decoding=\"async\" class=\"aligncenter wp-image-3359 size-medium\" src=\"http:\/\/www.tcsl.fr\/wp-content\/uploads\/2017\/11\/2017-11-11-18-19-18-2017-D\u00e9partementaux-10m-Antibes--300x200.jpg\" alt=\"\" width=\"300\" height=\"200\" srcset=\"https:\/\/www.tcsl.fr\/wp-content\/uploads\/2017\/11\/2017-11-11-18-19-18-2017-D\u00e9partementaux-10m-Antibes--300x200.jpg 300w, https:\/\/www.tcsl.fr\/wp-content\/uploads\/2017\/11\/2017-11-11-18-19-18-2017-D\u00e9partementaux-10m-Antibes--768x512.jpg 768w, https:\/\/www.tcsl.fr\/wp-content\/uploads\/2017\/11\/2017-11-11-18-19-18-2017-D\u00e9partementaux-10m-Antibes--1024x683.jpg 1024w, https:\/\/www.tcsl.fr\/wp-content\/uploads\/2017\/11\/2017-11-11-18-19-18-2017-D\u00e9partementaux-10m-Antibes-.jpg 1620w\" sizes=\"auto, (max-width: 300px) 100vw, 300px\" \/><\/a><a href=\"http:\/\/www.tcsl.fr\/wp-content\/uploads\/2017\/11\/2017-11-11-16-18-14-2017-D\u00e9partementaux-10m-Antibes-.jpg\" target=\"_blank\" rel=\"noopener\"><img loading=\"lazy\" decoding=\"async\" class=\"alignright wp-image-3346 size-medium\" src=\"http:\/\/www.tcsl.fr\/wp-content\/uploads\/2017\/11\/2017-11-11-16-18-14-2017-D\u00e9partementaux-10m-Antibes--300x200.jpg\" alt=\"\" width=\"300\" height=\"200\" srcset=\"https:\/\/www.tcsl.fr\/wp-content\/uploads\/2017\/11\/2017-11-11-16-18-14-2017-D\u00e9partementaux-10m-Antibes--300x200.jpg 300w, https:\/\/www.tcsl.fr\/wp-content\/uploads\/2017\/11\/2017-11-11-16-18-14-2017-D\u00e9partementaux-10m-Antibes--768x512.jpg 768w, https:\/\/www.tcsl.fr\/wp-content\/uploads\/2017\/11\/2017-11-11-16-18-14-2017-D\u00e9partementaux-10m-Antibes--1024x683.jpg 1024w, https:\/\/www.tcsl.fr\/wp-content\/uploads\/2017\/11\/2017-11-11-16-18-14-2017-D\u00e9partementaux-10m-Antibes-.jpg 1620w\" sizes=\"auto, (max-width: 300px) 100vw, 300px\" \/><\/a><\/p>\n<p>14 podiums individuels, 9 premi\u00e8res places en \u00e9quipe et 40 qualifications pour les R\u00e9gionaux (l\u2019ann\u00e9e pass\u00e9e\u00a0: 13 podiums individuels, 5 podiums en \u00e9quipe et 33 qualifications pour les R\u00e9gionaux). Les chiffres parlent d\u2019eux m\u00eame.<\/p>\n<p>Cette ann\u00e9e, nous sommes tr\u00e8s fiers des r\u00e9sultats de nos jeunes tireurs : 7 m\u00e9dailles pour nos cadets et cadettes. Bravo \u00e0 Jean-Philippe avec 3 m\u00e9dailles d\u2019or, \u00e0 La\u00ebtitia m\u00e9daille d\u2019argent, Julie m\u00e9daille d\u2019or, H\u00e9lo\u00efse m\u00e9daille d\u2019argent, Enzo m\u00e9daille de bronze, et des scores prometteurs pour Th\u00e9o et Chelsea. Ces jeunes, issus pour la plupart de l\u2019\u00e9cole de tir, arrivent chez les \u00ab\u00a0grands\u00a0\u00bb et viennent de nous prouver leur potentiel \u00e0 ce niveau. Au passage bravo Christian pour tout le travail fourni.<\/p>\n<p><a href=\"http:\/\/www.tcsl.fr\/wp-content\/uploads\/2017\/11\/2017-11-12-18-27-00-2017-D\u00e9partementaux-10m-Antibes-.jpg\" target=\"_blank\" rel=\"noopener\"><img loading=\"lazy\" decoding=\"async\" class=\"alignleft wp-image-3385 size-medium\" src=\"http:\/\/www.tcsl.fr\/wp-content\/uploads\/2017\/11\/2017-11-12-18-27-00-2017-D\u00e9partementaux-10m-Antibes--300x200.jpg\" alt=\"\" width=\"300\" height=\"200\" srcset=\"https:\/\/www.tcsl.fr\/wp-content\/uploads\/2017\/11\/2017-11-12-18-27-00-2017-D\u00e9partementaux-10m-Antibes--300x200.jpg 300w, https:\/\/www.tcsl.fr\/wp-content\/uploads\/2017\/11\/2017-11-12-18-27-00-2017-D\u00e9partementaux-10m-Antibes--768x512.jpg 768w, https:\/\/www.tcsl.fr\/wp-content\/uploads\/2017\/11\/2017-11-12-18-27-00-2017-D\u00e9partementaux-10m-Antibes--1024x683.jpg 1024w, https:\/\/www.tcsl.fr\/wp-content\/uploads\/2017\/11\/2017-11-12-18-27-00-2017-D\u00e9partementaux-10m-Antibes-.jpg 1620w\" sizes=\"auto, (max-width: 300px) 100vw, 300px\" \/><\/a><a href=\"http:\/\/www.tcsl.fr\/wp-content\/uploads\/2017\/11\/2017-11-12-11-03-48-2017-D\u00e9partementaux-10m-Antibes-.jpg\" target=\"_blank\" rel=\"noopener\"><img loading=\"lazy\" decoding=\"async\" class=\"alignright wp-image-3371 size-medium\" src=\"http:\/\/www.tcsl.fr\/wp-content\/uploads\/2017\/11\/2017-11-12-11-03-48-2017-D\u00e9partementaux-10m-Antibes--200x300.jpg\" alt=\"\" width=\"200\" height=\"300\" srcset=\"https:\/\/www.tcsl.fr\/wp-content\/uploads\/2017\/11\/2017-11-12-11-03-48-2017-D\u00e9partementaux-10m-Antibes--200x300.jpg 200w, https:\/\/www.tcsl.fr\/wp-content\/uploads\/2017\/11\/2017-11-12-11-03-48-2017-D\u00e9partementaux-10m-Antibes--683x1024.jpg 683w, https:\/\/www.tcsl.fr\/wp-content\/uploads\/2017\/11\/2017-11-12-11-03-48-2017-D\u00e9partementaux-10m-Antibes-.jpg 720w\" sizes=\"auto, (max-width: 200px) 100vw, 200px\" \/><\/a><\/p>\n<p>&nbsp;<\/p>\n<p>&nbsp;<\/p>\n<p>&nbsp;<\/p>\n<p>&nbsp;<\/p>\n<p>&nbsp;<\/p>\n<p>&nbsp;<\/p>\n<p><a href=\"http:\/\/www.tcsl.fr\/wp-content\/uploads\/2017\/11\/2017-11-11-18-32-40-2017-D\u00e9partementaux-10m-Antibes-.jpg\" target=\"_blank\" rel=\"noopener\"><img loading=\"lazy\" decoding=\"async\" class=\"alignleft wp-image-3362 size-medium\" src=\"http:\/\/www.tcsl.fr\/wp-content\/uploads\/2017\/11\/2017-11-11-18-32-40-2017-D\u00e9partementaux-10m-Antibes--300x200.jpg\" alt=\"\" width=\"300\" height=\"200\" srcset=\"https:\/\/www.tcsl.fr\/wp-content\/uploads\/2017\/11\/2017-11-11-18-32-40-2017-D\u00e9partementaux-10m-Antibes--300x200.jpg 300w, https:\/\/www.tcsl.fr\/wp-content\/uploads\/2017\/11\/2017-11-11-18-32-40-2017-D\u00e9partementaux-10m-Antibes--768x512.jpg 768w, https:\/\/www.tcsl.fr\/wp-content\/uploads\/2017\/11\/2017-11-11-18-32-40-2017-D\u00e9partementaux-10m-Antibes--1024x683.jpg 1024w, https:\/\/www.tcsl.fr\/wp-content\/uploads\/2017\/11\/2017-11-11-18-32-40-2017-D\u00e9partementaux-10m-Antibes-.jpg 1620w\" sizes=\"auto, (max-width: 300px) 100vw, 300px\" \/><\/a><\/p>\n<p>&nbsp;<\/p>\n<p>A noter aussi une belle prestation chez les filles, 5 m\u00e9dailles en individuel et 2 en \u00e9quipe, dans un sport \u00e0 majorit\u00e9 masculine, nos tireuses sont loin de faire de la figuration, ce qui parfois d\u00e9clenche des r\u00e9actions de jalousie chez nos concurrents.<\/p>\n<p>Nous allons continuer les entra\u00eenements pour pr\u00e9parer la prochaine \u00e9tape\u00a0: les Championnats R\u00e9gionaux qui se tireront \u00e0 Toulon les 9 et 10 d\u00e9cembre.<\/p>\n<p>LAURENT et ROBERT<\/p>\n<p>Les r\u00e9sultats<a href=\"http:\/\/www.cdtam.fr\/index_htm_files\/palmD06_10m_20172018.pdf\" target=\"_blank\" rel=\"noopener\"><strong> ICI<\/strong><\/a><\/p>\n<p>Des photos prises par le photographe d&rsquo;Antibes <a href=\"http:\/\/www.tcsl.fr\/index.php\/2017-departementaux-10m-antibes\/\" target=\"_blank\" rel=\"noopener\"><strong>ICI<\/strong><\/a><\/p>\n","protected":false},"excerpt":{"rendered":"<p>\u00a0Le TCSL continue sa progression. 14 podiums individuels, 9 premi\u00e8res places en \u00e9quipe et 40 qualifications pour les R\u00e9gionaux (l\u2019ann\u00e9e pass\u00e9e\u00a0: 13 podiums individuels, 5 podiums en \u00e9quipe et 33 qualifications pour les R\u00e9gionaux). Les chiffres parlent d\u2019eux m\u00eame. Cette ann\u00e9e, nous sommes tr\u00e8s fiers des r\u00e9sultats de nos jeunes tireurs : 7 m\u00e9dailles pour [&hellip;]<\/p>\n","protected":false},"author":1,"featured_media":0,"comment_status":"open","ping_status":"open","sticky":false,"template":"","format":"standard","meta":{"footnotes":""},"categories":[37],"tags":[],"class_list":["post-3333","post","type-post","status-publish","format-standard","hentry","category-direction-sportive"],"yoast_head":"<!-- This site is optimized with the Yoast SEO plugin v27.4 - https:\/\/yoast.com\/product\/yoast-seo-wordpress\/ -->\n<title>D\u00e9partementaux 10 m ANTIBES 11 et 12 novembre 2017. - TCSL<\/title>\n<meta name=\"robots\" content=\"index, follow, max-snippet:-1, max-image-preview:large, max-video-preview:-1\" \/>\n<link rel=\"canonical\" href=\"http:\/\/www.tcsl.fr\/index.php\/2017\/11\/14\/departementaux-10-m-antibes-11-et-12-novembre-2017\/\" \/>\n<meta property=\"og:locale\" content=\"fr_FR\" \/>\n<meta property=\"og:type\" content=\"article\" \/>\n<meta property=\"og:title\" content=\"D\u00e9partementaux 10 m ANTIBES 11 et 12 novembre 2017. - TCSL\" \/>\n<meta property=\"og:description\" content=\"\u00a0Le TCSL continue sa progression. 14 podiums individuels, 9 premi\u00e8res places en \u00e9quipe et 40 qualifications pour les R\u00e9gionaux (l\u2019ann\u00e9e pass\u00e9e\u00a0: 13 podiums individuels, 5 podiums en \u00e9quipe et 33 qualifications pour les R\u00e9gionaux). Les chiffres parlent d\u2019eux m\u00eame. Cette ann\u00e9e, nous sommes tr\u00e8s fiers des r\u00e9sultats de nos jeunes tireurs : 7 m\u00e9dailles pour [&hellip;]\" \/>\n<meta property=\"og:url\" content=\"http:\/\/www.tcsl.fr\/index.php\/2017\/11\/14\/departementaux-10-m-antibes-11-et-12-novembre-2017\/\" \/>\n<meta property=\"og:site_name\" content=\"TCSL\" \/>\n<meta property=\"article:published_time\" content=\"2017-11-14T10:06:52+00:00\" \/>\n<meta property=\"article:modified_time\" content=\"2017-11-15T16:25:05+00:00\" \/>\n<meta name=\"author\" content=\"adminluc\" \/>\n<meta name=\"twitter:card\" content=\"summary_large_image\" \/>\n<meta name=\"twitter:label1\" content=\"\u00c9crit par\" \/>\n\t<meta name=\"twitter:data1\" content=\"adminluc\" \/>\n\t<meta name=\"twitter:label2\" content=\"Dur\u00e9e de lecture estim\u00e9e\" \/>\n\t<meta name=\"twitter:data2\" content=\"1 minute\" \/>\n<script type=\"application\/ld+json\" class=\"yoast-schema-graph\">{\"@context\":\"https:\\\/\\\/schema.org\",\"@graph\":[{\"@type\":\"Article\",\"@id\":\"http:\\\/\\\/www.tcsl.fr\\\/index.php\\\/2017\\\/11\\\/14\\\/departementaux-10-m-antibes-11-et-12-novembre-2017\\\/#article\",\"isPartOf\":{\"@id\":\"http:\\\/\\\/www.tcsl.fr\\\/index.php\\\/2017\\\/11\\\/14\\\/departementaux-10-m-antibes-11-et-12-novembre-2017\\\/\"},\"author\":{\"name\":\"adminluc\",\"@id\":\"https:\\\/\\\/www.tcsl.fr\\\/#\\\/schema\\\/person\\\/aab49a8b098293eec0e484f47dbbe98d\"},\"headline\":\"D\u00e9partementaux 10 m ANTIBES 11 et 12 novembre 2017.\",\"datePublished\":\"2017-11-14T10:06:52+00:00\",\"dateModified\":\"2017-11-15T16:25:05+00:00\",\"mainEntityOfPage\":{\"@id\":\"http:\\\/\\\/www.tcsl.fr\\\/index.php\\\/2017\\\/11\\\/14\\\/departementaux-10-m-antibes-11-et-12-novembre-2017\\\/\"},\"wordCount\":230,\"commentCount\":0,\"publisher\":{\"@id\":\"https:\\\/\\\/www.tcsl.fr\\\/#organization\"},\"articleSection\":[\"Direction sportive\"],\"inLanguage\":\"fr-FR\",\"potentialAction\":[{\"@type\":\"CommentAction\",\"name\":\"Comment\",\"target\":[\"http:\\\/\\\/www.tcsl.fr\\\/index.php\\\/2017\\\/11\\\/14\\\/departementaux-10-m-antibes-11-et-12-novembre-2017\\\/#respond\"]}]},{\"@type\":\"WebPage\",\"@id\":\"http:\\\/\\\/www.tcsl.fr\\\/index.php\\\/2017\\\/11\\\/14\\\/departementaux-10-m-antibes-11-et-12-novembre-2017\\\/\",\"url\":\"http:\\\/\\\/www.tcsl.fr\\\/index.php\\\/2017\\\/11\\\/14\\\/departementaux-10-m-antibes-11-et-12-novembre-2017\\\/\",\"name\":\"D\u00e9partementaux 10 m ANTIBES 11 et 12 novembre 2017. - TCSL\",\"isPartOf\":{\"@id\":\"https:\\\/\\\/www.tcsl.fr\\\/#website\"},\"datePublished\":\"2017-11-14T10:06:52+00:00\",\"dateModified\":\"2017-11-15T16:25:05+00:00\",\"breadcrumb\":{\"@id\":\"http:\\\/\\\/www.tcsl.fr\\\/index.php\\\/2017\\\/11\\\/14\\\/departementaux-10-m-antibes-11-et-12-novembre-2017\\\/#breadcrumb\"},\"inLanguage\":\"fr-FR\",\"potentialAction\":[{\"@type\":\"ReadAction\",\"target\":[\"http:\\\/\\\/www.tcsl.fr\\\/index.php\\\/2017\\\/11\\\/14\\\/departementaux-10-m-antibes-11-et-12-novembre-2017\\\/\"]}]},{\"@type\":\"BreadcrumbList\",\"@id\":\"http:\\\/\\\/www.tcsl.fr\\\/index.php\\\/2017\\\/11\\\/14\\\/departementaux-10-m-antibes-11-et-12-novembre-2017\\\/#breadcrumb\",\"itemListElement\":[{\"@type\":\"ListItem\",\"position\":1,\"name\":\"Accueil\",\"item\":\"https:\\\/\\\/www.tcsl.fr\\\/\"},{\"@type\":\"ListItem\",\"position\":2,\"name\":\"D\u00e9partementaux 10 m ANTIBES 11 et 12 novembre 2017.\"}]},{\"@type\":\"WebSite\",\"@id\":\"https:\\\/\\\/www.tcsl.fr\\\/#website\",\"url\":\"https:\\\/\\\/www.tcsl.fr\\\/\",\"name\":\"TCSL\",\"description\":\"Le site du Tir Club Stade Laurentin\",\"publisher\":{\"@id\":\"https:\\\/\\\/www.tcsl.fr\\\/#organization\"},\"potentialAction\":[{\"@type\":\"SearchAction\",\"target\":{\"@type\":\"EntryPoint\",\"urlTemplate\":\"https:\\\/\\\/www.tcsl.fr\\\/?s={search_term_string}\"},\"query-input\":{\"@type\":\"PropertyValueSpecification\",\"valueRequired\":true,\"valueName\":\"search_term_string\"}}],\"inLanguage\":\"fr-FR\"},{\"@type\":\"Organization\",\"@id\":\"https:\\\/\\\/www.tcsl.fr\\\/#organization\",\"name\":\"TCSL\",\"url\":\"https:\\\/\\\/www.tcsl.fr\\\/\",\"logo\":{\"@type\":\"ImageObject\",\"inLanguage\":\"fr-FR\",\"@id\":\"https:\\\/\\\/www.tcsl.fr\\\/#\\\/schema\\\/logo\\\/image\\\/\",\"url\":\"https:\\\/\\\/www.tcsl.fr\\\/wp-content\\\/uploads\\\/2024\\\/10\\\/cropped-cropped-cropped-cropped-cropped-logo-lettrage-degrade-rouge-et-blanc-fond-bleu-300x123-1.jpg\",\"contentUrl\":\"https:\\\/\\\/www.tcsl.fr\\\/wp-content\\\/uploads\\\/2024\\\/10\\\/cropped-cropped-cropped-cropped-cropped-logo-lettrage-degrade-rouge-et-blanc-fond-bleu-300x123-1.jpg\",\"width\":240,\"height\":98,\"caption\":\"TCSL\"},\"image\":{\"@id\":\"https:\\\/\\\/www.tcsl.fr\\\/#\\\/schema\\\/logo\\\/image\\\/\"}},{\"@type\":\"Person\",\"@id\":\"https:\\\/\\\/www.tcsl.fr\\\/#\\\/schema\\\/person\\\/aab49a8b098293eec0e484f47dbbe98d\",\"name\":\"adminluc\",\"image\":{\"@type\":\"ImageObject\",\"inLanguage\":\"fr-FR\",\"@id\":\"https:\\\/\\\/secure.gravatar.com\\\/avatar\\\/07889d795b09f59e3d569a5f7776d8a641a2bb985b8e48cd774dcdb8d6f75c32?s=96&d=mm&r=g\",\"url\":\"https:\\\/\\\/secure.gravatar.com\\\/avatar\\\/07889d795b09f59e3d569a5f7776d8a641a2bb985b8e48cd774dcdb8d6f75c32?s=96&d=mm&r=g\",\"contentUrl\":\"https:\\\/\\\/secure.gravatar.com\\\/avatar\\\/07889d795b09f59e3d569a5f7776d8a641a2bb985b8e48cd774dcdb8d6f75c32?s=96&d=mm&r=g\",\"caption\":\"adminluc\"},\"url\":\"https:\\\/\\\/www.tcsl.fr\\\/index.php\\\/author\\\/adminluc\\\/\"}]}<\/script>\n<!-- \/ Yoast SEO plugin. -->","yoast_head_json":{"title":"D\u00e9partementaux 10 m ANTIBES 11 et 12 novembre 2017. - TCSL","robots":{"index":"index","follow":"follow","max-snippet":"max-snippet:-1","max-image-preview":"max-image-preview:large","max-video-preview":"max-video-preview:-1"},"canonical":"http:\/\/www.tcsl.fr\/index.php\/2017\/11\/14\/departementaux-10-m-antibes-11-et-12-novembre-2017\/","og_locale":"fr_FR","og_type":"article","og_title":"D\u00e9partementaux 10 m ANTIBES 11 et 12 novembre 2017. - TCSL","og_description":"\u00a0Le TCSL continue sa progression. 14 podiums individuels, 9 premi\u00e8res places en \u00e9quipe et 40 qualifications pour les R\u00e9gionaux (l\u2019ann\u00e9e pass\u00e9e\u00a0: 13 podiums individuels, 5 podiums en \u00e9quipe et 33 qualifications pour les R\u00e9gionaux). Les chiffres parlent d\u2019eux m\u00eame. Cette ann\u00e9e, nous sommes tr\u00e8s fiers des r\u00e9sultats de nos jeunes tireurs : 7 m\u00e9dailles pour [&hellip;]","og_url":"http:\/\/www.tcsl.fr\/index.php\/2017\/11\/14\/departementaux-10-m-antibes-11-et-12-novembre-2017\/","og_site_name":"TCSL","article_published_time":"2017-11-14T10:06:52+00:00","article_modified_time":"2017-11-15T16:25:05+00:00","author":"adminluc","twitter_card":"summary_large_image","twitter_misc":{"\u00c9crit par":"adminluc","Dur\u00e9e de lecture estim\u00e9e":"1 minute"},"schema":{"@context":"https:\/\/schema.org","@graph":[{"@type":"Article","@id":"http:\/\/www.tcsl.fr\/index.php\/2017\/11\/14\/departementaux-10-m-antibes-11-et-12-novembre-2017\/#article","isPartOf":{"@id":"http:\/\/www.tcsl.fr\/index.php\/2017\/11\/14\/departementaux-10-m-antibes-11-et-12-novembre-2017\/"},"author":{"name":"adminluc","@id":"https:\/\/www.tcsl.fr\/#\/schema\/person\/aab49a8b098293eec0e484f47dbbe98d"},"headline":"D\u00e9partementaux 10 m ANTIBES 11 et 12 novembre 2017.","datePublished":"2017-11-14T10:06:52+00:00","dateModified":"2017-11-15T16:25:05+00:00","mainEntityOfPage":{"@id":"http:\/\/www.tcsl.fr\/index.php\/2017\/11\/14\/departementaux-10-m-antibes-11-et-12-novembre-2017\/"},"wordCount":230,"commentCount":0,"publisher":{"@id":"https:\/\/www.tcsl.fr\/#organization"},"articleSection":["Direction sportive"],"inLanguage":"fr-FR","potentialAction":[{"@type":"CommentAction","name":"Comment","target":["http:\/\/www.tcsl.fr\/index.php\/2017\/11\/14\/departementaux-10-m-antibes-11-et-12-novembre-2017\/#respond"]}]},{"@type":"WebPage","@id":"http:\/\/www.tcsl.fr\/index.php\/2017\/11\/14\/departementaux-10-m-antibes-11-et-12-novembre-2017\/","url":"http:\/\/www.tcsl.fr\/index.php\/2017\/11\/14\/departementaux-10-m-antibes-11-et-12-novembre-2017\/","name":"D\u00e9partementaux 10 m ANTIBES 11 et 12 novembre 2017. - TCSL","isPartOf":{"@id":"https:\/\/www.tcsl.fr\/#website"},"datePublished":"2017-11-14T10:06:52+00:00","dateModified":"2017-11-15T16:25:05+00:00","breadcrumb":{"@id":"http:\/\/www.tcsl.fr\/index.php\/2017\/11\/14\/departementaux-10-m-antibes-11-et-12-novembre-2017\/#breadcrumb"},"inLanguage":"fr-FR","potentialAction":[{"@type":"ReadAction","target":["http:\/\/www.tcsl.fr\/index.php\/2017\/11\/14\/departementaux-10-m-antibes-11-et-12-novembre-2017\/"]}]},{"@type":"BreadcrumbList","@id":"http:\/\/www.tcsl.fr\/index.php\/2017\/11\/14\/departementaux-10-m-antibes-11-et-12-novembre-2017\/#breadcrumb","itemListElement":[{"@type":"ListItem","position":1,"name":"Accueil","item":"https:\/\/www.tcsl.fr\/"},{"@type":"ListItem","position":2,"name":"D\u00e9partementaux 10 m ANTIBES 11 et 12 novembre 2017."}]},{"@type":"WebSite","@id":"https:\/\/www.tcsl.fr\/#website","url":"https:\/\/www.tcsl.fr\/","name":"TCSL","description":"Le site du Tir Club Stade Laurentin","publisher":{"@id":"https:\/\/www.tcsl.fr\/#organization"},"potentialAction":[{"@type":"SearchAction","target":{"@type":"EntryPoint","urlTemplate":"https:\/\/www.tcsl.fr\/?s={search_term_string}"},"query-input":{"@type":"PropertyValueSpecification","valueRequired":true,"valueName":"search_term_string"}}],"inLanguage":"fr-FR"},{"@type":"Organization","@id":"https:\/\/www.tcsl.fr\/#organization","name":"TCSL","url":"https:\/\/www.tcsl.fr\/","logo":{"@type":"ImageObject","inLanguage":"fr-FR","@id":"https:\/\/www.tcsl.fr\/#\/schema\/logo\/image\/","url":"https:\/\/www.tcsl.fr\/wp-content\/uploads\/2024\/10\/cropped-cropped-cropped-cropped-cropped-logo-lettrage-degrade-rouge-et-blanc-fond-bleu-300x123-1.jpg","contentUrl":"https:\/\/www.tcsl.fr\/wp-content\/uploads\/2024\/10\/cropped-cropped-cropped-cropped-cropped-logo-lettrage-degrade-rouge-et-blanc-fond-bleu-300x123-1.jpg","width":240,"height":98,"caption":"TCSL"},"image":{"@id":"https:\/\/www.tcsl.fr\/#\/schema\/logo\/image\/"}},{"@type":"Person","@id":"https:\/\/www.tcsl.fr\/#\/schema\/person\/aab49a8b098293eec0e484f47dbbe98d","name":"adminluc","image":{"@type":"ImageObject","inLanguage":"fr-FR","@id":"https:\/\/secure.gravatar.com\/avatar\/07889d795b09f59e3d569a5f7776d8a641a2bb985b8e48cd774dcdb8d6f75c32?s=96&d=mm&r=g","url":"https:\/\/secure.gravatar.com\/avatar\/07889d795b09f59e3d569a5f7776d8a641a2bb985b8e48cd774dcdb8d6f75c32?s=96&d=mm&r=g","contentUrl":"https:\/\/secure.gravatar.com\/avatar\/07889d795b09f59e3d569a5f7776d8a641a2bb985b8e48cd774dcdb8d6f75c32?s=96&d=mm&r=g","caption":"adminluc"},"url":"https:\/\/www.tcsl.fr\/index.php\/author\/adminluc\/"}]}},"_links":{"self":[{"href":"https:\/\/www.tcsl.fr\/index.php\/wp-json\/wp\/v2\/posts\/3333","targetHints":{"allow":["GET"]}}],"collection":[{"href":"https:\/\/www.tcsl.fr\/index.php\/wp-json\/wp\/v2\/posts"}],"about":[{"href":"https:\/\/www.tcsl.fr\/index.php\/wp-json\/wp\/v2\/types\/post"}],"author":[{"embeddable":true,"href":"https:\/\/www.tcsl.fr\/index.php\/wp-json\/wp\/v2\/users\/1"}],"replies":[{"embeddable":true,"href":"https:\/\/www.tcsl.fr\/index.php\/wp-json\/wp\/v2\/comments?post=3333"}],"version-history":[{"count":28,"href":"https:\/\/www.tcsl.fr\/index.php\/wp-json\/wp\/v2\/posts\/3333\/revisions"}],"predecessor-version":[{"id":3423,"href":"https:\/\/www.tcsl.fr\/index.php\/wp-json\/wp\/v2\/posts\/3333\/revisions\/3423"}],"wp:attachment":[{"href":"https:\/\/www.tcsl.fr\/index.php\/wp-json\/wp\/v2\/media?parent=3333"}],"wp:term":[{"taxonomy":"category","embeddable":true,"href":"https:\/\/www.tcsl.fr\/index.php\/wp-json\/wp\/v2\/categories?post=3333"},{"taxonomy":"post_tag","embeddable":true,"href":"https:\/\/www.tcsl.fr\/index.php\/wp-json\/wp\/v2\/tags?post=3333"}],"curies":[{"name":"wp","href":"https:\/\/api.w.org\/{rel}","templated":true}]}}